{"id":8753,"date":"2020-11-22T12:14:12","date_gmt":"2020-11-22T10:14:12","guid":{"rendered":"http:\/\/www.le-sidh.org\/wicca\/?p=8753"},"modified":"2020-11-22T13:25:32","modified_gmt":"2020-11-22T11:25:32","slug":"le-livre-des-ombres","status":"publish","type":"post","link":"https:\/\/www.le-sidh.org\/wicca\/journal-magique-bos\/le-livre-des-ombres\/","title":{"rendered":"Le livre des ombres"},"content":{"rendered":"<p><em>Par Doreen Valiente. Extrait du livre : \u00ab An ABC of Witchcraft past and present \u00bb. Traduction &amp; adaptation : Lune<\/em>.<\/p>\n<p style=\"text-align: justify;\"><strong>Le livre des ombres.<\/strong> C&rsquo;est le nom donn\u00e9 par les sorci\u00e8res modernes au carnet dans lequel elles \u00e9crivent leurs rituels, leurs invocations et leurs sortil\u00e8ges. Elles y copient ce qui les int\u00e9resse des carnets des autres sorci\u00e8res et elles y notent ce qu&rsquo;elles ont appris de leur propre exp\u00e9rience. De sorte qu&rsquo;en pratique, il n&rsquo;existe pas deux livres des ombres identiques.<\/p>\n<p style=\"text-align: justify;\">Une ancienne r\u00e8gle au sein des covens, qui concerne le mat\u00e9riau \u00e9crit \u00e9voqu\u00e9 ici, veut que lorsqu&rsquo;un membre meurt son livre soit br\u00fbl\u00e9 [&#8230;]. Ceci permettait autrefois d&rsquo;\u00e9viter de mettre la famille du d\u00e9funt dans l&#8217;embarras. Un livre manuscrit \u00e9tait une preuve irr\u00e9futable pour accuser quelqu&rsquo;un de sorcellerie et comme celle-ci \u00e9tait suppos\u00e9e \u00eatre h\u00e9r\u00e9ditaire, une telle d\u00e9couverte pouvait placer les proches de la sorci\u00e8re d\u00e9funte dans une situation tr\u00e8s difficile.<\/p>\n<p style=\"text-align: justify;\">Ce manuscrit est appel\u00e9 <em>livre des ombres<\/em>, parce que son contenu ne peut \u00eatre que l&rsquo;ombre de ce monde-ci des r\u00e9alit\u00e9s de l&rsquo;Autre Monde, le monde de la magie et de l&rsquo;Au-del\u00e0, le monde des dieux et des esprits.<\/p>\n<p style=\"text-align: justify;\">Les francs-ma\u00e7ons, m&rsquo;a-t-on appris, consid\u00e8rent leurs rites de la m\u00eame fa\u00e7on, rites qu&rsquo;ils conservent \u00ab\u00a0jusqu&rsquo;\u00e0 ce que les circonstances et le moment restaurent les grands originaux.\u00a0\u00bb<\/p>\n","protected":false},"excerpt":{"rendered":"<p>Par Doreen Valiente. Extrait du livre : \u00ab An ABC of Witchcraft past and present \u00bb. Traduction &amp; adaptation : Lune. Le livre des ombres. C&rsquo;est le nom donn\u00e9 par les sorci\u00e8res modernes au carnet dans lequel elles \u00e9crivent leurs rituels, leurs invocations et leurs sortil\u00e8ges. Elles y copient ce qui les int\u00e9resse des carnets&#8230;<\/p>\n","protected":false},"author":2,"featured_media":8756,"comment_status":"closed","ping_status":"closed","sticky":false,"template":"","format":"standard","meta":{"footnotes":""},"categories":[466],"tags":[],"class_list":["post-8753","post","type-post","status-publish","format-standard","has-post-thumbnail","hentry","category-journal-magique-bos"],"_links":{"self":[{"href":"https:\/\/www.le-sidh.org\/wicca\/wp-json\/wp\/v2\/posts\/8753","targetHints":{"allow":["GET"]}}],"collection":[{"href":"https:\/\/www.le-sidh.org\/wicca\/wp-json\/wp\/v2\/posts"}],"about":[{"href":"https:\/\/www.le-sidh.org\/wicca\/wp-json\/wp\/v2\/types\/post"}],"author":[{"embeddable":true,"href":"https:\/\/www.le-sidh.org\/wicca\/wp-json\/wp\/v2\/users\/2"}],"replies":[{"embeddable":true,"href":"https:\/\/www.le-sidh.org\/wicca\/wp-json\/wp\/v2\/comments?post=8753"}],"version-history":[{"count":6,"href":"https:\/\/www.le-sidh.org\/wicca\/wp-json\/wp\/v2\/posts\/8753\/revisions"}],"predecessor-version":[{"id":8760,"href":"https:\/\/www.le-sidh.org\/wicca\/wp-json\/wp\/v2\/posts\/8753\/revisions\/8760"}],"wp:featuredmedia":[{"embeddable":true,"href":"https:\/\/www.le-sidh.org\/wicca\/wp-json\/wp\/v2\/media\/8756"}],"wp:attachment":[{"href":"https:\/\/www.le-sidh.org\/wicca\/wp-json\/wp\/v2\/media?parent=8753"}],"wp:term":[{"taxonomy":"category","embeddable":true,"href":"https:\/\/www.le-sidh.org\/wicca\/wp-json\/wp\/v2\/categories?post=8753"},{"taxonomy":"post_tag","embeddable":true,"href":"https:\/\/www.le-sidh.org\/wicca\/wp-json\/wp\/v2\/tags?post=8753"}],"curies":[{"name":"wp","href":"https:\/\/api.w.org\/{rel}","templated":true}]}}