{"id":7398,"date":"2019-08-22T14:11:09","date_gmt":"2019-08-22T12:11:09","guid":{"rendered":"http:\/\/www.le-sidh.org\/wicca\/?p=7398"},"modified":"2019-08-22T16:07:58","modified_gmt":"2019-08-22T14:07:58","slug":"rituel-collectif-en-faveur-de-lamazonie","status":"publish","type":"post","link":"https:\/\/www.le-sidh.org\/wicca\/pratiques-rituelles-sorcieres\/rituels-divers-et-bases\/rituel-collectif-en-faveur-de-lamazonie\/","title":{"rendered":"Rituel collectif en faveur de l&rsquo;Amazonie"},"content":{"rendered":"<p>Par <a href=\"https:\/\/www.facebook.com\/reclaimingbrasil\/posts\/382778329102793\" target=\"_blank\" rel=\"noopener noreferrer\">Reclaiming Brasil<\/a>, traduction par Marion Beauchesne.<\/p>\n<p style=\"text-align: justify;\">Appel \u00e0 toutes les sorci\u00e8res du Br\u00e9sil et du monde.<\/p>\n<p style=\"text-align: justify;\">La tradition Reclaiming, qui prend racine dans l\u2019activisme magique politique, en appelle \u00e0 toutes les sorci\u00e8res int\u00e9ress\u00e9es \u00e0 participer \u00e0 un rituel collectif au b\u00e9n\u00e9fice de l\u2019Amazonie. Que notre magie puisse parcourir notre pays, prot\u00e9geant la faune, la flore et les peuples des r\u00e9gions concern\u00e9es par l\u2019incendie et le d\u00e9boisement.<\/p>\n<h3><strong>Sort de protection de l\u2019Amazonie et de nos for\u00eats.<\/strong><\/h3>\n<p style=\"text-align: justify;\"><a href=\"https:\/\/www.le-sidh.org\/wicca\/wp-content\/uploads\/2019\/08\/amazonie-3.jpg\"><img loading=\"lazy\" decoding=\"async\" class=\"aligncenter wp-image-7401 size-large\" src=\"https:\/\/www.le-sidh.org\/wicca\/wp-content\/uploads\/2019\/08\/amazonie-3-700x856.jpg\" alt=\"\" width=\"700\" height=\"856\" srcset=\"https:\/\/www.le-sidh.org\/wicca\/wp-content\/uploads\/2019\/08\/amazonie-3-700x856.jpg 700w, https:\/\/www.le-sidh.org\/wicca\/wp-content\/uploads\/2019\/08\/amazonie-3-245x300.jpg 245w, https:\/\/www.le-sidh.org\/wicca\/wp-content\/uploads\/2019\/08\/amazonie-3-768x939.jpg 768w, https:\/\/www.le-sidh.org\/wicca\/wp-content\/uploads\/2019\/08\/amazonie-3.jpg 785w\" sizes=\"auto, (max-width: 700px) 100vw, 700px\" \/><\/a><\/p>\n<p style=\"text-align: justify;\">Ceci est le sigil repr\u00e9sentant le Br\u00e9sil. Il a \u00e9t\u00e9 cr\u00e9\u00e9 avec tendresse par Laura Tempest Zakroff, comme un pr\u00e9sent \u00e0 notre communaut\u00e9 br\u00e9silienne pagane et activiste, afin que nous puissions travailler magiquement avec notre pays. Nous utiliserons son pouvoir (qui est d\u00e9crit sur l\u2019image de notre post) comme une loupe qui concentrera notre pouvoir d\u2019action dans le nord du pays, dans l\u2019Amazonie. Le sort fonctionne de la mani\u00e8re suivante\u00a0:<\/p>\n<ol>\n<li style=\"text-align: justify;\">Vous pouvez faire appel aux esprits avec lesquels vous souhaitez travailler pour mobiliser cette \u00e9nergie (divinit\u00e9s, anc\u00eatres) et solliciter leur aide et leur force\u00a0;<\/li>\n<li style=\"text-align: justify;\">Dessinez avec de l\u2019eau, une huile particuli\u00e8re, une encre, etc. ou imprimez le sigil en pla\u00e7ant sa partie sup\u00e9rieure (le cercle avec l\u2019ast\u00e9risque \u00e0 l\u2019int\u00e9rieur) sur l\u2019Amazonie, telle une loupe accentuant votre action sur cette r\u00e9gion ;<\/li>\n<li style=\"text-align: justify;\">Faites votre pri\u00e8re afin d\u2019augmenter le pouvoir du sigil, mais \u00e9galement pour : 1) intensifier les pluies afin d\u2019\u00e9teindre les feux, 2) prot\u00e9ger la faune locale, 3) accro\u00eetre la r\u00e9sistance des bois et 4) prot\u00e9ger les peuples qui vivent ici, etc. Vous pouvez choisir, tant que cela augmente la force d\u2019action du sigil.<\/li>\n<li style=\"text-align: justify;\">Enfin, d\u00e9posez un bol sur le sigil et l\u2019Amazonie, et r\u00e9alisez la Pri\u00e8re des Eaux du Monde. D\u00e9versez de l\u2019eau dans le bol en visualisant les Eaux du Monde tomber sur l\u2019incendie de l\u2019Amazonie, \u00e9teignant le feu et nourrissant la terre. Visualisez la force des eaux dans cette r\u00e9gion, et r\u00e9p\u00e9tez la formule : <strong>\u00ab\u00a0que les Eaux du Monde coulent propres et pures\u00a0\u00bb<\/strong> en direction de l\u2019Amazonie.<\/li>\n<li style=\"text-align: justify;\">Terminez en remerciant les esprits qui vous ont aid\u00e9, et laissez o\u00f9 ils se trouvent la carte avec le sigil et le bol d\u2019eau le temps que vous souhaitez. Vous pouvez r\u00e9p\u00e9ter la Pri\u00e8re des Eaux du Monde autant de fois que vous le souhaitez, tous les jours, toutes les semaines ou tous les mois. Souvenez-vous\u00a0: plus vous r\u00e9aliserez ce sort, plus fort il sera.<\/li>\n<\/ol>\n<p style=\"text-align: justify;\"><strong>Observation<\/strong>\u00a0: si vous n\u2019avez pas de carte, vous pouvez \u00e9crire au sein d\u2019un grand cercle le nom <strong>BRASIL<\/strong> pour repr\u00e9senter le pays et y inscrire dans l\u2019angle sup\u00e9rieur gauche le mot <strong>AMAZ\u00d4NIA<\/strong> afin de repr\u00e9senter la r\u00e9gion d\u2019action du sort. Nous agirons sur le mot <strong>Amaz\u00f4nia<\/strong>.<\/p>\n<p><a href=\"https:\/\/www.le-sidh.org\/wicca\/wp-content\/uploads\/2019\/08\/amazonie-4.jpg\"><img loading=\"lazy\" decoding=\"async\" class=\"aligncenter wp-image-7402 size-large\" src=\"https:\/\/www.le-sidh.org\/wicca\/wp-content\/uploads\/2019\/08\/amazonie-4-700x700.jpg\" alt=\"\" width=\"700\" height=\"700\" srcset=\"https:\/\/www.le-sidh.org\/wicca\/wp-content\/uploads\/2019\/08\/amazonie-4-700x700.jpg 700w, https:\/\/www.le-sidh.org\/wicca\/wp-content\/uploads\/2019\/08\/amazonie-4-150x150.jpg 150w, https:\/\/www.le-sidh.org\/wicca\/wp-content\/uploads\/2019\/08\/amazonie-4-300x300.jpg 300w, https:\/\/www.le-sidh.org\/wicca\/wp-content\/uploads\/2019\/08\/amazonie-4-768x768.jpg 768w, https:\/\/www.le-sidh.org\/wicca\/wp-content\/uploads\/2019\/08\/amazonie-4-800x800.jpg 800w, https:\/\/www.le-sidh.org\/wicca\/wp-content\/uploads\/2019\/08\/amazonie-4.jpg 960w\" sizes=\"auto, (max-width: 700px) 100vw, 700px\" \/><\/a><\/p>\n<p style=\"text-align: justify;\">Pendant longtemps, nous pensions \u00eatre les seuls \u00e0 convoquer la magie et les esprits afin d\u2019accomplir le travail de la sorcellerie. Mais aujourd\u2019hui, notre Terre \u00e9tant empoisonn\u00e9e, elle nous convoque afin de gu\u00e9rir ses blessures, extraire le venin et participer \u00e0 cette r\u00e9volution. Vous entendez l\u2019appel ? Vous \u00eates convoqu\u00e9 pour agir ? L\u2019Art agira toujours l\u00e0 o\u00f9 il y a de l\u2019oppression.<\/p>\n<p style=\"text-align: justify;\">Pour aller plus loin, vous pouvez diss\u00e9miner ce sigil dans la ville o\u00f9 vous vivez. Qu\u2019il puisse parcourir nos rues\u00a0!<\/p>\n<p style=\"text-align: justify;\">Le sigil a \u00e9t\u00e9 cr\u00e9\u00e9 par Laura Tempest, cr\u00e9atrice du projet WeAreAradia. Si vous voulez en savoir plus sur ce projet, cliquez sur le lien suivant\u00a0: <a href=\"https:\/\/nossomosaradia.wordpress.com\/\" target=\"_blank\" rel=\"noopener noreferrer\">https:\/\/nossomosaradia.wordpress.com\/<\/a><\/p>\n<p><a href=\"https:\/\/www.le-sidh.org\/wicca\/wp-content\/uploads\/2019\/08\/sigil-amazonie.jpg\"><img loading=\"lazy\" decoding=\"async\" class=\"aligncenter wp-image-7403 size-large\" src=\"https:\/\/www.le-sidh.org\/wicca\/wp-content\/uploads\/2019\/08\/sigil-amazonie-700x880.jpg\" alt=\"\" width=\"700\" height=\"880\" srcset=\"https:\/\/www.le-sidh.org\/wicca\/wp-content\/uploads\/2019\/08\/sigil-amazonie-700x880.jpg 700w, https:\/\/www.le-sidh.org\/wicca\/wp-content\/uploads\/2019\/08\/sigil-amazonie-239x300.jpg 239w, https:\/\/www.le-sidh.org\/wicca\/wp-content\/uploads\/2019\/08\/sigil-amazonie.jpg 764w\" sizes=\"auto, (max-width: 700px) 100vw, 700px\" \/><\/a><\/p>\n<p>Pour davantage d\u2019informations au sujet de la Pri\u00e8re des <a href=\"https:\/\/www.le-sidh.org\/wicca\/pratiques-rituelles-sorcieres\/charmes-sortileges\/waters-of-the-world-les-eaux-du-monde\/\">Eaux du Monde<\/a>, cliquez sur le lien suivant\u00a0:<\/p>\n<ul>\n<li style=\"text-align: justify;\"><a href=\"https:\/\/reclaimingbrasil.com\/2018\/12\/05\/feitico-das-aguas-de-todo-mundo\/\" target=\"_blank\" rel=\"noopener noreferrer\">https:\/\/reclaimingbrasil.com\/2018\/12\/05\/feitico-das-aguas-de-todo-mundo\/<\/a><\/li>\n<li style=\"text-align: justify;\">Traduction en fran\u00e7ais (\u00e0 v\u00e9rifier) ici : <a href=\"https:\/\/www.le-sidh.org\/wicca\/guerison\/la-priere-des-eaux-du-monde-tradition-reclaiming\/\" target=\"_blank\" rel=\"noopener noreferrer\">https:\/\/www.le-sidh.org\/wicca\/guerison\/la-priere-des-eaux-du-monde-tradition-reclaiming\/<\/a><\/li>\n<\/ul>\n","protected":false},"excerpt":{"rendered":"<p>Par Reclaiming Brasil, traduction par Marion Beauchesne. Appel \u00e0 toutes les sorci\u00e8res du Br\u00e9sil et du monde. La tradition Reclaiming, qui prend racine dans l\u2019activisme magique politique, en appelle \u00e0 toutes les sorci\u00e8res int\u00e9ress\u00e9es \u00e0 participer \u00e0 un rituel collectif au b\u00e9n\u00e9fice de l\u2019Amazonie. Que notre magie puisse parcourir notre pays, prot\u00e9geant la faune, la&#8230;<\/p>\n","protected":false},"author":2,"featured_media":7418,"comment_status":"closed","ping_status":"closed","sticky":false,"template":"","format":"standard","meta":{"footnotes":""},"categories":[9],"tags":[],"class_list":["post-7398","post","type-post","status-publish","format-standard","has-post-thumbnail","hentry","category-rituels-divers-et-bases"],"_links":{"self":[{"href":"https:\/\/www.le-sidh.org\/wicca\/wp-json\/wp\/v2\/posts\/7398","targetHints":{"allow":["GET"]}}],"collection":[{"href":"https:\/\/www.le-sidh.org\/wicca\/wp-json\/wp\/v2\/posts"}],"about":[{"href":"https:\/\/www.le-sidh.org\/wicca\/wp-json\/wp\/v2\/types\/post"}],"author":[{"embeddable":true,"href":"https:\/\/www.le-sidh.org\/wicca\/wp-json\/wp\/v2\/users\/2"}],"replies":[{"embeddable":true,"href":"https:\/\/www.le-sidh.org\/wicca\/wp-json\/wp\/v2\/comments?post=7398"}],"version-history":[{"count":9,"href":"https:\/\/www.le-sidh.org\/wicca\/wp-json\/wp\/v2\/posts\/7398\/revisions"}],"predecessor-version":[{"id":7419,"href":"https:\/\/www.le-sidh.org\/wicca\/wp-json\/wp\/v2\/posts\/7398\/revisions\/7419"}],"wp:featuredmedia":[{"embeddable":true,"href":"https:\/\/www.le-sidh.org\/wicca\/wp-json\/wp\/v2\/media\/7418"}],"wp:attachment":[{"href":"https:\/\/www.le-sidh.org\/wicca\/wp-json\/wp\/v2\/media?parent=7398"}],"wp:term":[{"taxonomy":"category","embeddable":true,"href":"https:\/\/www.le-sidh.org\/wicca\/wp-json\/wp\/v2\/categories?post=7398"},{"taxonomy":"post_tag","embeddable":true,"href":"https:\/\/www.le-sidh.org\/wicca\/wp-json\/wp\/v2\/tags?post=7398"}],"curies":[{"name":"wp","href":"https:\/\/api.w.org\/{rel}","templated":true}]}}