{"id":6827,"date":"2019-06-14T09:57:44","date_gmt":"2019-06-14T07:57:44","guid":{"rendered":"http:\/\/www.le-sidh.org\/wicca\/?p=6827"},"modified":"2020-05-28T23:05:08","modified_gmt":"2020-05-28T21:05:08","slug":"un-vin-de-noix-pour-le-calice","status":"publish","type":"post","link":"https:\/\/www.le-sidh.org\/wicca\/pratiques-rituelles-sorcieres\/la-petite-fete\/un-vin-de-noix-pour-le-calice\/","title":{"rendered":"Un vin de noix pour le calice"},"content":{"rendered":"<p>Par Lune &amp; Artus.<\/p>\n<p>Entre le sabbat du solstice d&rsquo;\u00e9t\u00e9 et le sabbat de la veille d&rsquo;ao\u00fbt :<\/p>\n<ul>\n<li>Ramasse <strong>25 noix encore vertes<\/strong>, avant que les coquilles ne soient form\u00e9es.<\/li>\n<li>Place dans un tonnelet les noix que tu auras <strong>concass\u00e9es<\/strong>.<\/li>\n<li>Verse <strong>5 litres de bon vin blanc sec<\/strong> (mais je trouve le rouge bien meilleur, type Pays d&rsquo;oc)<\/li>\n<li>et <strong>1 litre d&rsquo;alcool de fruit<\/strong>.<\/li>\n<li>Ajoute <strong>1 kg de sucre<\/strong> (\u00e0 ajuster selon les go\u00fbts).<\/li>\n<li>Pendant <strong>1 mois complet<\/strong>, descends \u00e0 la cave et remue chaque jour le tonnelet.<\/li>\n<li>Ensuite, <strong>filtre et mets en bouteille<\/strong>. Mais sache qu&rsquo;il est encore bien trop amer pour le consommer d\u00e8s maintenant.<\/li>\n<li>Ton vin de noix <strong>devra reposer pendant 6 mois minimum<\/strong>. Au bout d&rsquo;un an, il sera meilleur encore.<\/li>\n<\/ul>\n","protected":false},"excerpt":{"rendered":"<p>Par Lune &amp; Artus. Entre le sabbat du solstice d&rsquo;\u00e9t\u00e9 et le sabbat de la veille d&rsquo;ao\u00fbt : Ramasse 25 noix encore vertes, avant que les coquilles ne soient form\u00e9es. Place dans un tonnelet les noix que tu auras concass\u00e9es. Verse 5 litres de bon vin blanc sec (mais je trouve le rouge bien meilleur,&#8230;<\/p>\n","protected":false},"author":2,"featured_media":6828,"comment_status":"closed","ping_status":"closed","sticky":false,"template":"","format":"standard","meta":{"footnotes":""},"categories":[22],"tags":[],"class_list":["post-6827","post","type-post","status-publish","format-standard","has-post-thumbnail","hentry","category-la-petite-fete"],"_links":{"self":[{"href":"https:\/\/www.le-sidh.org\/wicca\/wp-json\/wp\/v2\/posts\/6827","targetHints":{"allow":["GET"]}}],"collection":[{"href":"https:\/\/www.le-sidh.org\/wicca\/wp-json\/wp\/v2\/posts"}],"about":[{"href":"https:\/\/www.le-sidh.org\/wicca\/wp-json\/wp\/v2\/types\/post"}],"author":[{"embeddable":true,"href":"https:\/\/www.le-sidh.org\/wicca\/wp-json\/wp\/v2\/users\/2"}],"replies":[{"embeddable":true,"href":"https:\/\/www.le-sidh.org\/wicca\/wp-json\/wp\/v2\/comments?post=6827"}],"version-history":[{"count":5,"href":"https:\/\/www.le-sidh.org\/wicca\/wp-json\/wp\/v2\/posts\/6827\/revisions"}],"predecessor-version":[{"id":8148,"href":"https:\/\/www.le-sidh.org\/wicca\/wp-json\/wp\/v2\/posts\/6827\/revisions\/8148"}],"wp:featuredmedia":[{"embeddable":true,"href":"https:\/\/www.le-sidh.org\/wicca\/wp-json\/wp\/v2\/media\/6828"}],"wp:attachment":[{"href":"https:\/\/www.le-sidh.org\/wicca\/wp-json\/wp\/v2\/media?parent=6827"}],"wp:term":[{"taxonomy":"category","embeddable":true,"href":"https:\/\/www.le-sidh.org\/wicca\/wp-json\/wp\/v2\/categories?post=6827"},{"taxonomy":"post_tag","embeddable":true,"href":"https:\/\/www.le-sidh.org\/wicca\/wp-json\/wp\/v2\/tags?post=6827"}],"curies":[{"name":"wp","href":"https:\/\/api.w.org\/{rel}","templated":true}]}}