{"id":6627,"date":"2019-05-27T12:55:44","date_gmt":"2019-05-27T10:55:44","guid":{"rendered":"http:\/\/www.le-sidh.org\/wicca\/?p=6627"},"modified":"2019-05-27T12:58:34","modified_gmt":"2019-05-27T10:58:34","slug":"comment-pratiquer-la-magie-pendant-votre-sommeil","status":"publish","type":"post","link":"https:\/\/www.le-sidh.org\/wicca\/pratiques-rituelles-sorcieres\/les-reves\/comment-pratiquer-la-magie-pendant-votre-sommeil\/","title":{"rendered":"Comment pratiquer la magie pendant votre sommeil"},"content":{"rendered":"<p>Par <a href=\"https:\/\/www.le-sidh.org\/wicca\/author\/admin\/\" target=\"_blank\" rel=\"noopener noreferrer\">Artus<\/a>.<\/p>\n<p style=\"text-align: justify;\">Il y a quelques jours, j\u2019ai vu passer le r\u00e9sultat d\u2019un travail de recherche qui affirmait que les derni\u00e8res pens\u00e9es que nous avons avant de nous endormir persistent pendant 4h. Cette nuit, j\u2019ai justement fait l\u2019exp\u00e9rience de ce ph\u00e9nom\u00e8ne. Hier soir, j\u2019avais soif, j\u2019ai bu plusieurs verres d\u2019eau. Et fatalement, deux heures apr\u00e8s m\u2019\u00eatre endormi, je me suis r\u00e9veill\u00e9 pour aller aux toilettes. Il se trouve qu\u2019avant de me r\u00e9veiller, je r\u00eavais d\u2019un projet auquel je pensais en m&rsquo;endormant. J\u2019ai r\u00e9guli\u00e8rement constat\u00e9 ce m\u00eame ph\u00e9nom\u00e8ne en pratiquant la magie avant de m\u2019endormir, selon <a href=\"https:\/\/www.le-sidh.org\/wicca\/download\/Artus-Integrez-la-magie-dans-votre-quotidien.pdf\" target=\"_blank\" rel=\"noopener noreferrer\">les indications de ce guide<\/a>.<\/p>\n<p style=\"text-align: justify;\">En soi, ce ph\u00e9nom\u00e8ne est connu depuis la nuit des temps. Tout le monde sait que lorsque nous \u00e9tudions avant de nous endormir, nous m\u00e9morisons mieux. On retrouve \u00e9galement cette id\u00e9e dans la r\u00e8gle de Saint-Beno\u00eet, de mani\u00e8re implicite. La r\u00e8gle conseille en effet de ne pas s\u2019endormir f\u00e2ch\u00e9. Lorsqu\u2019il se f\u00e2che avec quelqu\u2019un, le moine doit se r\u00e9concilier avant de s\u2019endormir. Le but d\u2019un moine est d\u2019\u00eatre le plus souvent possible en \u00e9tat de pri\u00e8re. Pour cela, les moines cherchent \u00e0 s\u2019endormir le c\u0153ur rayonnant, avec le souhait de se r\u00e9veiller dans le m\u00eame \u00e9tat. Et ce but est incompatible avec le fait de s\u2019endormir f\u00e2ch\u00e9. Mais aviez-vous pens\u00e9 qu\u2019il \u00e9tait possible d\u2019utiliser ce ph\u00e9nom\u00e8ne pour pratiquer la magie en dormant\u00a0?<\/p>\n<p style=\"text-align: justify;\">Bien entendu, \u00e0 moins de nous r\u00e9veiller au milieu de la nuit, nous avons tendance \u00e0 oublier nos premiers r\u00eaves. Mais nous n\u2019avons pas besoin de trop boire le soir pour constater ce ph\u00e9nom\u00e8ne. Ce n\u2019est pas parce que nous ne sommes pas conscients de ce ph\u00e9nom\u00e8ne qu\u2019il ne se produit pas. M\u00eame lorsque nous ne nous en souvenons pas, nous r\u00eavons. Et lorsque nous nous endormons en pensant \u00e0 nos projets, avec un esprit positif, dans un \u00e9tat de pl\u00e9nitude \u00e9nerg\u00e9tique, cette posture magique perdure pendant notre sommeil. Sans m\u00eame en avoir conscience, notre esprit travaille pour nous.<\/p>\n","protected":false},"excerpt":{"rendered":"<p>Par Artus. Il y a quelques jours, j\u2019ai vu passer le r\u00e9sultat d\u2019un travail de recherche qui affirmait que les derni\u00e8res pens\u00e9es que nous avons avant de nous endormir persistent pendant 4h. Cette nuit, j\u2019ai justement fait l\u2019exp\u00e9rience de ce ph\u00e9nom\u00e8ne. Hier soir, j\u2019avais soif, j\u2019ai bu plusieurs verres d\u2019eau. Et fatalement, deux heures apr\u00e8s&#8230;<\/p>\n","protected":false},"author":1,"featured_media":6628,"comment_status":"closed","ping_status":"closed","sticky":false,"template":"","format":"standard","meta":{"footnotes":""},"categories":[17],"tags":[],"class_list":["post-6627","post","type-post","status-publish","format-standard","has-post-thumbnail","hentry","category-les-reves"],"_links":{"self":[{"href":"https:\/\/www.le-sidh.org\/wicca\/wp-json\/wp\/v2\/posts\/6627","targetHints":{"allow":["GET"]}}],"collection":[{"href":"https:\/\/www.le-sidh.org\/wicca\/wp-json\/wp\/v2\/posts"}],"about":[{"href":"https:\/\/www.le-sidh.org\/wicca\/wp-json\/wp\/v2\/types\/post"}],"author":[{"embeddable":true,"href":"https:\/\/www.le-sidh.org\/wicca\/wp-json\/wp\/v2\/users\/1"}],"replies":[{"embeddable":true,"href":"https:\/\/www.le-sidh.org\/wicca\/wp-json\/wp\/v2\/comments?post=6627"}],"version-history":[{"count":4,"href":"https:\/\/www.le-sidh.org\/wicca\/wp-json\/wp\/v2\/posts\/6627\/revisions"}],"predecessor-version":[{"id":6632,"href":"https:\/\/www.le-sidh.org\/wicca\/wp-json\/wp\/v2\/posts\/6627\/revisions\/6632"}],"wp:featuredmedia":[{"embeddable":true,"href":"https:\/\/www.le-sidh.org\/wicca\/wp-json\/wp\/v2\/media\/6628"}],"wp:attachment":[{"href":"https:\/\/www.le-sidh.org\/wicca\/wp-json\/wp\/v2\/media?parent=6627"}],"wp:term":[{"taxonomy":"category","embeddable":true,"href":"https:\/\/www.le-sidh.org\/wicca\/wp-json\/wp\/v2\/categories?post=6627"},{"taxonomy":"post_tag","embeddable":true,"href":"https:\/\/www.le-sidh.org\/wicca\/wp-json\/wp\/v2\/tags?post=6627"}],"curies":[{"name":"wp","href":"https:\/\/api.w.org\/{rel}","templated":true}]}}