{"id":5294,"date":"2019-03-18T17:02:28","date_gmt":"2019-03-18T15:02:28","guid":{"rendered":"http:\/\/www.le-sidh.org\/wicca\/?p=5294"},"modified":"2019-03-18T17:03:33","modified_gmt":"2019-03-18T15:03:33","slug":"le-corps-et-la-spiritualite","status":"publish","type":"post","link":"https:\/\/www.le-sidh.org\/wicca\/sur-la-wicca-la-sorcellerie\/reflexions\/le-corps-et-la-spiritualite\/","title":{"rendered":"Le corps et la spiritualit\u00e9"},"content":{"rendered":"<p>Par <a href=\"http:\/\/artus.le-sidh.org\/\" target=\"_blank\" rel=\"noopener noreferrer\">Artus<\/a> (2011).<\/p>\n<p style=\"text-align: justify;\">Dans de nombreuses religions ou pratiques spirituelles, une erreur commune est de penser que le corps est un frein \u00e0 la spiritualit\u00e9, il est m\u00eame fr\u00e9quent de voir des personnes dans la n\u00e9gation du corps au nom de la spiritualit\u00e9. Je pense que cette erreur vient de la confusion entre l\u2019\u00eatre ext\u00e9rieur, qui est la partie \u00ab basse \u00bb de notre esprit, et le corps. En effet, nous sommes constitu\u00e9s d\u2019un corps physique, d\u2019un \u00eatre ext\u00e9rieur tourn\u00e9 vers les besoins du corps, d\u2019un \u00eatre int\u00e9rieur, tourn\u00e9 vers les besoins de notre \u00e2me, et d\u2019une \u00e2me, infime particule d\u2019infini qui sommeille au fond de notre c\u0153ur. C\u2019est notre \u00eatre ext\u00e9rieur, qui en vampirisant la lumi\u00e8re de notre \u00e2me, engendre le malheur et la souffrance. Tous nos attributs n\u00e9gatifs, par exemple la peur, la col\u00e8re, la jalousie, l\u2019orgueil, viennent de notre \u00eatre ext\u00e9rieur. Le corps est seulement un v\u00e9hicule, il n\u2019y est pour rien.<\/p>\n<p style=\"text-align: justify;\">Plus nous sommes tourn\u00e9s vers notre \u00eatre int\u00e9rieur, c\u2019est \u00e0 dire plus nous tournons notre esprit vers les aspirations spirituelles de l\u2019\u00e2me, et plus l\u2019\u00eatre ext\u00e9rieur s\u2019\u00e9clipse. Mais en aucun cas, cela ne signifie qu\u2019il faut se couper du monde mat\u00e9riel, au contraire, le but de la vie est de manifester les d\u00e9sirs de notre \u00e2me dans le monde mat\u00e9riel. C\u2019est la d\u00e9finition m\u00eame de l\u2019existence. Et lorsque notre \u00eatre ext\u00e9rieur disparait, le corps devient un outil de l\u2019\u00e2me, et chaque action du corps est une pri\u00e8re. On peut constater cela dans la pratique de l\u2019imposition des mains. On retrouve \u00e9galement cette id\u00e9e cach\u00e9e dans la devise b\u00e9n\u00e9dictine, \u00ab ora et labora \u00bb, qui signifie \u00ab prie et travaille \u00bb. Pour une personne tourn\u00e9e vers son \u00eatre int\u00e9rieur, le travail devient une pri\u00e8re (le mot ora est inclus dans labora). Dans un autre registre, voici une citation d\u2019Osho qui exprime \u00e9galement cette m\u00eame id\u00e9e.<\/p>\n<p style=\"text-align: justify;\">\u00ab Devenez aimant. Quand vous \u00eates dans l\u2019\u00e9treinte, devenez l\u2019\u00e9treinte. Devenez le baiser. Oubliez-vous totalement, que vous puissiez dire, \u00ab Je ne suis plus. Seul l\u2019amour existe. \u00bb Alors, le c\u0153ur ne bat plus, mais l\u2019amour bat. Alors, le sang ne circule plus, mais l\u2019amour circule. Alors, les yeux ne voient plus, mais l\u2019amour voit. Alors, les mains ne se d\u00e9placent plus pour caresser, mais l\u2019amour se d\u00e9place pour caresser. Devenez amour et entrez dans la vie \u00e9ternelle. L\u2019amour change subitement votre dimension. Vous vous \u00e9chappez du temps et vous faites face \u00e0 l\u2019\u00e9ternit\u00e9. L\u2019amour peut devenir une profonde m\u00e9ditation, la plus profonde qu\u2019il soit. Les amoureux connaissent parfois ce que les saints ne connaissent pas. \u00bb<\/p>\n","protected":false},"excerpt":{"rendered":"<p>Par Artus (2011). Dans de nombreuses religions ou pratiques spirituelles, une erreur commune est de penser que le corps est un frein \u00e0 la spiritualit\u00e9, il est m\u00eame fr\u00e9quent de voir des personnes dans la n\u00e9gation du corps au nom de la spiritualit\u00e9. Je pense que cette erreur vient de la confusion entre l\u2019\u00eatre ext\u00e9rieur,&#8230;<\/p>\n","protected":false},"author":1,"featured_media":5295,"comment_status":"closed","ping_status":"closed","sticky":false,"template":"","format":"standard","meta":{"footnotes":""},"categories":[245],"tags":[],"class_list":["post-5294","post","type-post","status-publish","format-standard","has-post-thumbnail","hentry","category-reflexions"],"_links":{"self":[{"href":"https:\/\/www.le-sidh.org\/wicca\/wp-json\/wp\/v2\/posts\/5294","targetHints":{"allow":["GET"]}}],"collection":[{"href":"https:\/\/www.le-sidh.org\/wicca\/wp-json\/wp\/v2\/posts"}],"about":[{"href":"https:\/\/www.le-sidh.org\/wicca\/wp-json\/wp\/v2\/types\/post"}],"author":[{"embeddable":true,"href":"https:\/\/www.le-sidh.org\/wicca\/wp-json\/wp\/v2\/users\/1"}],"replies":[{"embeddable":true,"href":"https:\/\/www.le-sidh.org\/wicca\/wp-json\/wp\/v2\/comments?post=5294"}],"version-history":[{"count":3,"href":"https:\/\/www.le-sidh.org\/wicca\/wp-json\/wp\/v2\/posts\/5294\/revisions"}],"predecessor-version":[{"id":5298,"href":"https:\/\/www.le-sidh.org\/wicca\/wp-json\/wp\/v2\/posts\/5294\/revisions\/5298"}],"wp:featuredmedia":[{"embeddable":true,"href":"https:\/\/www.le-sidh.org\/wicca\/wp-json\/wp\/v2\/media\/5295"}],"wp:attachment":[{"href":"https:\/\/www.le-sidh.org\/wicca\/wp-json\/wp\/v2\/media?parent=5294"}],"wp:term":[{"taxonomy":"category","embeddable":true,"href":"https:\/\/www.le-sidh.org\/wicca\/wp-json\/wp\/v2\/categories?post=5294"},{"taxonomy":"post_tag","embeddable":true,"href":"https:\/\/www.le-sidh.org\/wicca\/wp-json\/wp\/v2\/tags?post=5294"}],"curies":[{"name":"wp","href":"https:\/\/api.w.org\/{rel}","templated":true}]}}