{"id":4053,"date":"2019-02-14T13:04:25","date_gmt":"2019-02-14T11:04:25","guid":{"rendered":"http:\/\/www.le-sidh.org\/wicca\/?p=4053"},"modified":"2019-02-14T13:05:12","modified_gmt":"2019-02-14T11:05:12","slug":"les-cordes-utilisees-dans-le-coven-de-gardner","status":"publish","type":"post","link":"https:\/\/www.le-sidh.org\/wicca\/pratiques-rituelles-sorcieres\/les-outils-rituels\/les-cordes-utilisees-dans-le-coven-de-gardner\/","title":{"rendered":"Les cordes utilis\u00e9es dans le coven de Gardner"},"content":{"rendered":"<p>Dans la Witches&rsquo; Bible des Farrar, on trouve une note de Doreen Valiente expliquant :<\/p>\n<blockquote>\n<p style=\"text-align: justify;\">Nos cordelettes \u00e9taient g\u00e9n\u00e9ralement rouges, la couleur de la vie, mais parfois d&rsquo;autres couleurs \u00e9taient employ\u00e9es\u00a0: le vert, le bleu ou le noir. On n&rsquo;y rattachait aucune signification particuli\u00e8re, si ce n&rsquo;est que nous pr\u00e9f\u00e9rions le rouge si nous pouvions nous en procurer, mais il n&rsquo;\u00e9tait pas si facile de trouver de bonne cordelette en soie.\u00a0\u00bb<\/p>\n<\/blockquote>\n<p>Traduction : Lune.<\/p>\n","protected":false},"excerpt":{"rendered":"<p>Dans la Witches&rsquo; Bible des Farrar, on trouve une note de Doreen Valiente expliquant : Nos cordelettes \u00e9taient g\u00e9n\u00e9ralement rouges, la couleur de la vie, mais parfois d&rsquo;autres couleurs \u00e9taient employ\u00e9es\u00a0: le vert, le bleu ou le noir. On n&rsquo;y rattachait aucune signification particuli\u00e8re, si ce n&rsquo;est que nous pr\u00e9f\u00e9rions le rouge si nous pouvions&#8230;<\/p>\n","protected":false},"author":2,"featured_media":3988,"comment_status":"closed","ping_status":"closed","sticky":false,"template":"","format":"standard","meta":{"footnotes":""},"categories":[47],"tags":[],"class_list":["post-4053","post","type-post","status-publish","format-standard","has-post-thumbnail","hentry","category-les-outils-rituels"],"_links":{"self":[{"href":"https:\/\/www.le-sidh.org\/wicca\/wp-json\/wp\/v2\/posts\/4053","targetHints":{"allow":["GET"]}}],"collection":[{"href":"https:\/\/www.le-sidh.org\/wicca\/wp-json\/wp\/v2\/posts"}],"about":[{"href":"https:\/\/www.le-sidh.org\/wicca\/wp-json\/wp\/v2\/types\/post"}],"author":[{"embeddable":true,"href":"https:\/\/www.le-sidh.org\/wicca\/wp-json\/wp\/v2\/users\/2"}],"replies":[{"embeddable":true,"href":"https:\/\/www.le-sidh.org\/wicca\/wp-json\/wp\/v2\/comments?post=4053"}],"version-history":[{"count":1,"href":"https:\/\/www.le-sidh.org\/wicca\/wp-json\/wp\/v2\/posts\/4053\/revisions"}],"predecessor-version":[{"id":4054,"href":"https:\/\/www.le-sidh.org\/wicca\/wp-json\/wp\/v2\/posts\/4053\/revisions\/4054"}],"wp:featuredmedia":[{"embeddable":true,"href":"https:\/\/www.le-sidh.org\/wicca\/wp-json\/wp\/v2\/media\/3988"}],"wp:attachment":[{"href":"https:\/\/www.le-sidh.org\/wicca\/wp-json\/wp\/v2\/media?parent=4053"}],"wp:term":[{"taxonomy":"category","embeddable":true,"href":"https:\/\/www.le-sidh.org\/wicca\/wp-json\/wp\/v2\/categories?post=4053"},{"taxonomy":"post_tag","embeddable":true,"href":"https:\/\/www.le-sidh.org\/wicca\/wp-json\/wp\/v2\/tags?post=4053"}],"curies":[{"name":"wp","href":"https:\/\/api.w.org\/{rel}","templated":true}]}}