{"id":2773,"date":"2018-01-25T16:25:48","date_gmt":"2018-01-25T14:25:48","guid":{"rendered":"http:\/\/www.le-sidh.org\/wicca\/?p=2773"},"modified":"2018-01-25T16:28:53","modified_gmt":"2018-01-25T14:28:53","slug":"alex-sanders-par-vivianne-crowley","status":"publish","type":"post","link":"https:\/\/www.le-sidh.org\/wicca\/sur-la-wicca-la-sorcellerie\/people\/alex-sanders-par-vivianne-crowley\/","title":{"rendered":"Alex Sanders par Vivianne Crowley"},"content":{"rendered":"<p style=\"text-align: center;\"><strong>Alex Sanders<\/strong><br \/>\nPar Vivianne Crowley, Traduction et adaptation par Lune<\/p>\n<p style=\"text-align: justify;\"><a href=\"https:\/\/www.le-sidh.org\/wicca\/wp-content\/uploads\/2015\/04\/janet-farrar-initiation-alex-sanders1.jpg\"><img loading=\"lazy\" decoding=\"async\" class=\" wp-image-1988 alignleft\" src=\"https:\/\/www.le-sidh.org\/wicca\/wp-content\/uploads\/2015\/04\/janet-farrar-initiation-alex-sanders1.jpg\" alt=\"\" width=\"244\" height=\"245\" srcset=\"https:\/\/www.le-sidh.org\/wicca\/wp-content\/uploads\/2015\/04\/janet-farrar-initiation-alex-sanders1.jpg 400w, https:\/\/www.le-sidh.org\/wicca\/wp-content\/uploads\/2015\/04\/janet-farrar-initiation-alex-sanders1-150x150.jpg 150w, https:\/\/www.le-sidh.org\/wicca\/wp-content\/uploads\/2015\/04\/janet-farrar-initiation-alex-sanders1-300x300.jpg 300w\" sizes=\"auto, (max-width: 244px) 100vw, 244px\" \/><\/a>Beltane 1998 fut le 10\u00e8me anniversaire de mort d\u2019Alex Sanders. On a beaucoup dit et \u00e9crit sur lui. Il avait des d\u00e9fauts et beaucoup lui ont reproch\u00e9 son titre mi-ironique de \u00ab Roi des sorci\u00e8res \u00bb. Il \u00e9tait pourtant quelqu\u2019un de merveilleux et adorable, un v\u00e9ritable et d\u00e9vou\u00e9 pr\u00eatre de la D\u00e9esse.<\/p>\n<p style=\"text-align: justify;\">Le monde wiccan lui doit beaucoup. Son activit\u00e9 intensive dans les ann\u00e9es 60 a commenc\u00e9 lorsque celle de G\u00e9rald Gardner a cess\u00e9. Il a relanc\u00e9 l\u2019int\u00e9r\u00eat des nouvelles g\u00e9n\u00e9rations pour la Wicca. De nombreuses et talentueuses personnes ont \u00e9t\u00e9 attir\u00e9es par son savant m\u00e9lange de Wicca et Haute Magie, son courant d\u2019\u00e9nergie \u00e9tant une force de galvanisation.<\/p>\n<p style=\"text-align: justify;\">Alex avait 61 ans lorsqu\u2019il d\u00e9c\u00e9da apr\u00e8s un long combat contre son cancer aux poumons. Fatigu\u00e9 et ne contr\u00f4lant plus sa douleur que par doses massives de morphine, il \u00e9tait 6 h 30 du matin, le 30 avril 1988, quand il ne parvint plus \u00e0 se r\u00e9veiller. Tel son signe solaire (ndlt : c&rsquo;est le signe dans lequel se trouve le soleil au moment de la naissance), le G\u00e9meaux, il s\u2019est lev\u00e9 dans l\u2019horizon, le \u00ab Roi des Sorci\u00e8res \u00bb a quitt\u00e9 son corps pour accomplir le dernier tour de la \u00ab spiral dance \u00bb de la D\u00e9esse.<\/p>\n<p style=\"text-align: justify;\">Avec la mort d\u2019Alex, la presse \u00e0 scandales s\u2019est offert un succ\u00e8s inattendu en imprimant les histoires les plus rocambolesques que leur imagination d\u00e9bordante ait pu produire. Les obs\u00e8ques furent prises d\u2019assaut par les m\u00e9dias comme pendant toute la carri\u00e8re d\u2019Alex. Les journalistes \u00e9crivirent que \u00ab la cr\u00e8me des cr\u00e8mes \u00bb du monde de la Witchcraft \u00e9tait pr\u00e9sente, arrivant dans leur Astra BTE. Les photographes de presse et les \u00e9quipes t\u00e9l\u00e9 ont poursuivi Alex jusqu\u2019\u00e0 la fin. Un cam\u00e9raman nous poussait du corbillard pour obtenir un meilleur angle de vue du cercueil. D\u2019autres se cachaient dans les buissons. En d\u00e9pit de la pr\u00e9sence des m\u00e9dias, les obs\u00e8ques furent tr\u00e8s belles. Elles firent d\u00e9placer et r\u00e9concilier la communaut\u00e9 wiccan d\u2019une mani\u00e8re toute sp\u00e9ciale.<\/p>\n<p style=\"text-align: justify;\">La mort d\u2019Alex en 1988 a chang\u00e9 consid\u00e9rablement le cours de nos vies, \u00e0 Chris et \u00e0 moi. Nous avons rencontr\u00e9 de charmantes sorci\u00e8res allemandes. Elles organis\u00e8rent notre venue en Allemagne, pour l\u2019\u00e9t\u00e9 qui arrivait, afin de les aider \u00e0 diriger un \u00ab camp d\u2019\u00e9t\u00e9 \u00bb pour les wiccans allemands. Ce camp d\u2019\u00e9t\u00e9 a \u00e9t\u00e9 le commencement de la Wicca Europ\u00e9enne que nous connaissons. Cela a permis de cr\u00e9er un r\u00e9seau wiccan allemand et m\u2019a inspir\u00e9 pour cr\u00e9er, ce qui est devenu, une r\u00e9union annuelle des sorciers d\u2019Europe. Apr\u00e8s l\u2019exp\u00e9rience allemande, j\u2019ai senti que la Wicca en Angleterre avait besoin d\u2019\u00eatre plus accessible. En deux jours, entre mon retour d\u2019Allemagne et mon d\u00e9part pour l\u2019Inde, j\u2019ai commenc\u00e9 \u00e0 former un Groupe d\u2019Etude Wicca (Wicca Study Group) qui a permis, depuis, d\u2019enseigner la Wicca en Grande-Bretagne.<\/p>\n<p style=\"text-align: justify;\">Voici ce qui nous est arriv\u00e9 le jour de la Mort d\u2019Alex et nos pens\u00e9es d\u2019alors.<\/p>\n","protected":false},"excerpt":{"rendered":"<p>Alex Sanders Par Vivianne Crowley, Traduction et adaptation par Lune Beltane 1998 fut le 10\u00e8me anniversaire de mort d\u2019Alex Sanders. On a beaucoup dit et \u00e9crit sur lui. Il avait des d\u00e9fauts et beaucoup lui ont reproch\u00e9 son titre mi-ironique de \u00ab Roi des sorci\u00e8res \u00bb. Il \u00e9tait pourtant quelqu\u2019un de merveilleux et adorable, un&#8230;<\/p>\n","protected":false},"author":2,"featured_media":0,"comment_status":"closed","ping_status":"closed","sticky":false,"template":"","format":"standard","meta":{"footnotes":""},"categories":[253],"tags":[],"class_list":["post-2773","post","type-post","status-publish","format-standard","hentry","category-people"],"_links":{"self":[{"href":"https:\/\/www.le-sidh.org\/wicca\/wp-json\/wp\/v2\/posts\/2773","targetHints":{"allow":["GET"]}}],"collection":[{"href":"https:\/\/www.le-sidh.org\/wicca\/wp-json\/wp\/v2\/posts"}],"about":[{"href":"https:\/\/www.le-sidh.org\/wicca\/wp-json\/wp\/v2\/types\/post"}],"author":[{"embeddable":true,"href":"https:\/\/www.le-sidh.org\/wicca\/wp-json\/wp\/v2\/users\/2"}],"replies":[{"embeddable":true,"href":"https:\/\/www.le-sidh.org\/wicca\/wp-json\/wp\/v2\/comments?post=2773"}],"version-history":[{"count":3,"href":"https:\/\/www.le-sidh.org\/wicca\/wp-json\/wp\/v2\/posts\/2773\/revisions"}],"predecessor-version":[{"id":2776,"href":"https:\/\/www.le-sidh.org\/wicca\/wp-json\/wp\/v2\/posts\/2773\/revisions\/2776"}],"wp:attachment":[{"href":"https:\/\/www.le-sidh.org\/wicca\/wp-json\/wp\/v2\/media?parent=2773"}],"wp:term":[{"taxonomy":"category","embeddable":true,"href":"https:\/\/www.le-sidh.org\/wicca\/wp-json\/wp\/v2\/categories?post=2773"},{"taxonomy":"post_tag","embeddable":true,"href":"https:\/\/www.le-sidh.org\/wicca\/wp-json\/wp\/v2\/tags?post=2773"}],"curies":[{"name":"wp","href":"https:\/\/api.w.org\/{rel}","templated":true}]}}